{"id":977,"date":"2009-08-06T14:21:55","date_gmt":"2009-08-06T12:21:55","guid":{"rendered":"http:\/\/www.nedclad.nl\/de\/nedclad-bij-madeinoverijssel\/"},"modified":"2022-02-13T22:36:56","modified_gmt":"2022-02-13T21:36:56","slug":"nedclad-im-niederlaendischen-fernsehen","status":"publish","type":"post","link":"https:\/\/nedclad.j-db.nl\/de\/nachrichten\/nedclad-im-niederlaendischen-fernsehen\/","title":{"rendered":"NedClad im niederl\u00e4ndischen Fernsehen"},"content":{"rendered":"<p>Mehr als 100 Unternehmen aus der Region Overijssel wurden in den letzten Jahren in der Serie &#8222;Made in Overijssel&#8220; im niederl\u00e4ndischen TV Oost Programm vorgestellt. Dabei wurde die Aufmerksamkeit auf Nachhaltigkeit und innovative Entwicklungen gelegt. Eine neue Staffel von &#8222;Made in Overijssel\u201c startete am 4. April und konzentriert sich auf starke Marken in unserer Provinz. Auch die zum Teil beeindruckende Geschichte von unterschiedlichen Unternehmen wird diskutiert. Moderatorin Doroth\u00e9e Loorbach zeigt den Zuschauern in dreizehn Episoden au\u00dfergew\u00f6hnliche Unternehmer und Betriebe, auf die die Region Overijssel stolz sein kann.<\/p>\n<p><a href=\"https:\/\/madeinoverijssel.tv\/pages\/bedrijven\/seizoen-2\/nedclad\/bedrijfs-promo.php\">Sehen Sie hier den Beitrag ueber NedClad.<\/a><\/p>\n","protected":false},"excerpt":{"rendered":"<p>Mehr als 100 Unternehmen aus der Region Overijssel wurden in den letzten Jahren in der Serie &#8222;Made in Overijssel&#8220; im niederl\u00e4ndischen TV Oost Programm vorgestellt. Dabei wurde die Aufmerksamkeit auf &#8230; <a class=\"read-more\" href=\"https:\/\/nedclad.j-db.nl\/de\/nachrichten\/nedclad-im-niederlaendischen-fernsehen\/\">Lees verder<\/a>  &raquo;<\/p>\n","protected":false},"author":2,"featured_media":0,"comment_status":"open","ping_status":"closed","sticky":false,"template":"","format":"standard","meta":{"_acf_changed":false,"_monsterinsights_skip_tracking":false,"_monsterinsights_sitenote_active":false,"_monsterinsights_sitenote_note":"","_monsterinsights_sitenote_category":0,"footnotes":""},"categories":[52],"tags":[],"class_list":["post-977","post","type-post","status-publish","format-standard","hentry","category-nachrichten"],"acf":[],"yoast_head":"<!-- This site is optimized with the Yoast SEO plugin v27.4 - https:\/\/yoast.com\/product\/yoast-seo-wordpress\/ -->\n<title>Nachrichten: NedClad im niederl\u00e4ndischen Fernsehen | NedClad Technology BV<\/title>\n<meta name=\"robots\" content=\"index, follow, max-snippet:-1, max-image-preview:large, max-video-preview:-1\" \/>\n<link rel=\"canonical\" href=\"https:\/\/nedclad.j-db.nl\/de\/nachrichten\/nedclad-im-niederlaendischen-fernsehen\/\" \/>\n<meta property=\"og:locale\" content=\"de_DE\" \/>\n<meta property=\"og:type\" content=\"article\" \/>\n<meta property=\"og:title\" content=\"Nachrichten: NedClad im niederl\u00e4ndischen Fernsehen | NedClad Technology BV\" \/>\n<meta property=\"og:description\" content=\"Mehr als 100 Unternehmen aus der Region Overijssel wurden in den letzten Jahren in der Serie &#8222;Made in Overijssel&#8220; im niederl\u00e4ndischen TV Oost Programm vorgestellt. Dabei wurde die Aufmerksamkeit auf ... Lees verder &raquo;\" \/>\n<meta property=\"og:url\" content=\"https:\/\/nedclad.j-db.nl\/de\/nachrichten\/nedclad-im-niederlaendischen-fernsehen\/\" \/>\n<meta property=\"og:site_name\" content=\"NedClad Technology BV\" \/>\n<meta property=\"article:published_time\" content=\"2009-08-06T12:21:55+00:00\" \/>\n<meta property=\"article:modified_time\" content=\"2022-02-13T21:36:56+00:00\" \/>\n<meta property=\"og:image\" content=\"https:\/\/nedclad.j-db.nl\/wp-content\/uploads\/NedClad.png\" \/>\n\t<meta property=\"og:image:width\" content=\"400\" \/>\n\t<meta property=\"og:image:height\" content=\"289\" \/>\n\t<meta property=\"og:image:type\" content=\"image\/png\" \/>\n<meta name=\"author\" content=\"NedClad\" \/>\n<meta name=\"twitter:card\" content=\"summary_large_image\" \/>\n<meta name=\"twitter:label1\" content=\"Verfasst von\" \/>\n\t<meta name=\"twitter:data1\" content=\"NedClad\" \/>\n<script type=\"application\/ld+json\" class=\"yoast-schema-graph\">{\"@context\":\"https:\\\/\\\/schema.org\",\"@graph\":[{\"@type\":\"Article\",\"@id\":\"https:\\\/\\\/nedclad.j-db.nl\\\/de\\\/nachrichten\\\/nedclad-im-niederlaendischen-fernsehen\\\/#article\",\"isPartOf\":{\"@id\":\"https:\\\/\\\/nedclad.j-db.nl\\\/de\\\/nachrichten\\\/nedclad-im-niederlaendischen-fernsehen\\\/\"},\"author\":{\"name\":\"NedClad\",\"@id\":\"https:\\\/\\\/www.nedclad.nl\\\/#\\\/schema\\\/person\\\/f34fa7e4c3161e026d4efd840e12792c\"},\"headline\":\"NedClad im niederl\u00e4ndischen Fernsehen\",\"datePublished\":\"2009-08-06T12:21:55+00:00\",\"dateModified\":\"2022-02-13T21:36:56+00:00\",\"mainEntityOfPage\":{\"@id\":\"https:\\\/\\\/nedclad.j-db.nl\\\/de\\\/nachrichten\\\/nedclad-im-niederlaendischen-fernsehen\\\/\"},\"wordCount\":101,\"commentCount\":0,\"publisher\":{\"@id\":\"https:\\\/\\\/www.nedclad.nl\\\/#organization\"},\"articleSection\":[\"Nachrichten\"],\"inLanguage\":\"de\",\"potentialAction\":[{\"@type\":\"CommentAction\",\"name\":\"Comment\",\"target\":[\"https:\\\/\\\/nedclad.j-db.nl\\\/de\\\/nachrichten\\\/nedclad-im-niederlaendischen-fernsehen\\\/#respond\"]}]},{\"@type\":\"WebPage\",\"@id\":\"https:\\\/\\\/nedclad.j-db.nl\\\/de\\\/nachrichten\\\/nedclad-im-niederlaendischen-fernsehen\\\/\",\"url\":\"https:\\\/\\\/nedclad.j-db.nl\\\/de\\\/nachrichten\\\/nedclad-im-niederlaendischen-fernsehen\\\/\",\"name\":\"Nachrichten: NedClad im niederl\u00e4ndischen Fernsehen | NedClad Technology BV\",\"isPartOf\":{\"@id\":\"https:\\\/\\\/www.nedclad.nl\\\/#website\"},\"datePublished\":\"2009-08-06T12:21:55+00:00\",\"dateModified\":\"2022-02-13T21:36:56+00:00\",\"breadcrumb\":{\"@id\":\"https:\\\/\\\/nedclad.j-db.nl\\\/de\\\/nachrichten\\\/nedclad-im-niederlaendischen-fernsehen\\\/#breadcrumb\"},\"inLanguage\":\"de\",\"potentialAction\":[{\"@type\":\"ReadAction\",\"target\":[\"https:\\\/\\\/nedclad.j-db.nl\\\/de\\\/nachrichten\\\/nedclad-im-niederlaendischen-fernsehen\\\/\"]}]},{\"@type\":\"BreadcrumbList\",\"@id\":\"https:\\\/\\\/nedclad.j-db.nl\\\/de\\\/nachrichten\\\/nedclad-im-niederlaendischen-fernsehen\\\/#breadcrumb\",\"itemListElement\":[{\"@type\":\"ListItem\",\"position\":1,\"name\":\"Home\",\"item\":\"https:\\\/\\\/www.nedclad.nl\\\/de\\\/\"},{\"@type\":\"ListItem\",\"position\":2,\"name\":\"Nachrichten\",\"item\":\"https:\\\/\\\/nedclad.j-db.nl\\\/de\\\/nachrichten\\\/\"},{\"@type\":\"ListItem\",\"position\":3,\"name\":\"NedClad im niederl\u00e4ndischen Fernsehen\"}]},{\"@type\":\"WebSite\",\"@id\":\"https:\\\/\\\/www.nedclad.nl\\\/#website\",\"url\":\"https:\\\/\\\/www.nedclad.nl\\\/\",\"name\":\"NedClad Technology BV\",\"description\":\"specialist in lasercladden\",\"publisher\":{\"@id\":\"https:\\\/\\\/www.nedclad.nl\\\/#organization\"},\"potentialAction\":[{\"@type\":\"SearchAction\",\"target\":{\"@type\":\"EntryPoint\",\"urlTemplate\":\"https:\\\/\\\/www.nedclad.nl\\\/?s={search_term_string}\"},\"query-input\":{\"@type\":\"PropertyValueSpecification\",\"valueRequired\":true,\"valueName\":\"search_term_string\"}}],\"inLanguage\":\"de\"},{\"@type\":\"Organization\",\"@id\":\"https:\\\/\\\/www.nedclad.nl\\\/#organization\",\"name\":\"NedClad Technology BV\",\"url\":\"https:\\\/\\\/www.nedclad.nl\\\/\",\"logo\":{\"@type\":\"ImageObject\",\"inLanguage\":\"de\",\"@id\":\"https:\\\/\\\/www.nedclad.nl\\\/#\\\/schema\\\/logo\\\/image\\\/\",\"url\":\"https:\\\/\\\/www.nedclad.nl\\\/wp-content\\\/uploads\\\/nedclad-logo.png\",\"contentUrl\":\"https:\\\/\\\/www.nedclad.nl\\\/wp-content\\\/uploads\\\/nedclad-logo.png\",\"width\":500,\"height\":150,\"caption\":\"NedClad Technology BV\"},\"image\":{\"@id\":\"https:\\\/\\\/www.nedclad.nl\\\/#\\\/schema\\\/logo\\\/image\\\/\"},\"sameAs\":[\"https:\\\/\\\/www.linkedin.com\\\/company\\\/nedclad-technology-bv\\\/\"]},{\"@type\":\"Person\",\"@id\":\"https:\\\/\\\/www.nedclad.nl\\\/#\\\/schema\\\/person\\\/f34fa7e4c3161e026d4efd840e12792c\",\"name\":\"NedClad\",\"sameAs\":[\"https:\\\/\\\/www.5A2.nl\"]}]}<\/script>\n<!-- \/ Yoast SEO plugin. -->","yoast_head_json":{"title":"Nachrichten: NedClad im niederl\u00e4ndischen Fernsehen | NedClad Technology BV","robots":{"index":"index","follow":"follow","max-snippet":"max-snippet:-1","max-image-preview":"max-image-preview:large","max-video-preview":"max-video-preview:-1"},"canonical":"https:\/\/nedclad.j-db.nl\/de\/nachrichten\/nedclad-im-niederlaendischen-fernsehen\/","og_locale":"de_DE","og_type":"article","og_title":"Nachrichten: NedClad im niederl\u00e4ndischen Fernsehen | NedClad Technology BV","og_description":"Mehr als 100 Unternehmen aus der Region Overijssel wurden in den letzten Jahren in der Serie &#8222;Made in Overijssel&#8220; im niederl\u00e4ndischen TV Oost Programm vorgestellt. Dabei wurde die Aufmerksamkeit auf ... Lees verder &raquo;","og_url":"https:\/\/nedclad.j-db.nl\/de\/nachrichten\/nedclad-im-niederlaendischen-fernsehen\/","og_site_name":"NedClad Technology BV","article_published_time":"2009-08-06T12:21:55+00:00","article_modified_time":"2022-02-13T21:36:56+00:00","og_image":[{"width":400,"height":289,"url":"https:\/\/nedclad.j-db.nl\/wp-content\/uploads\/NedClad.png","type":"image\/png"}],"author":"NedClad","twitter_card":"summary_large_image","twitter_misc":{"Verfasst von":"NedClad"},"schema":{"@context":"https:\/\/schema.org","@graph":[{"@type":"Article","@id":"https:\/\/nedclad.j-db.nl\/de\/nachrichten\/nedclad-im-niederlaendischen-fernsehen\/#article","isPartOf":{"@id":"https:\/\/nedclad.j-db.nl\/de\/nachrichten\/nedclad-im-niederlaendischen-fernsehen\/"},"author":{"name":"NedClad","@id":"https:\/\/www.nedclad.nl\/#\/schema\/person\/f34fa7e4c3161e026d4efd840e12792c"},"headline":"NedClad im niederl\u00e4ndischen Fernsehen","datePublished":"2009-08-06T12:21:55+00:00","dateModified":"2022-02-13T21:36:56+00:00","mainEntityOfPage":{"@id":"https:\/\/nedclad.j-db.nl\/de\/nachrichten\/nedclad-im-niederlaendischen-fernsehen\/"},"wordCount":101,"commentCount":0,"publisher":{"@id":"https:\/\/www.nedclad.nl\/#organization"},"articleSection":["Nachrichten"],"inLanguage":"de","potentialAction":[{"@type":"CommentAction","name":"Comment","target":["https:\/\/nedclad.j-db.nl\/de\/nachrichten\/nedclad-im-niederlaendischen-fernsehen\/#respond"]}]},{"@type":"WebPage","@id":"https:\/\/nedclad.j-db.nl\/de\/nachrichten\/nedclad-im-niederlaendischen-fernsehen\/","url":"https:\/\/nedclad.j-db.nl\/de\/nachrichten\/nedclad-im-niederlaendischen-fernsehen\/","name":"Nachrichten: NedClad im niederl\u00e4ndischen Fernsehen | NedClad Technology BV","isPartOf":{"@id":"https:\/\/www.nedclad.nl\/#website"},"datePublished":"2009-08-06T12:21:55+00:00","dateModified":"2022-02-13T21:36:56+00:00","breadcrumb":{"@id":"https:\/\/nedclad.j-db.nl\/de\/nachrichten\/nedclad-im-niederlaendischen-fernsehen\/#breadcrumb"},"inLanguage":"de","potentialAction":[{"@type":"ReadAction","target":["https:\/\/nedclad.j-db.nl\/de\/nachrichten\/nedclad-im-niederlaendischen-fernsehen\/"]}]},{"@type":"BreadcrumbList","@id":"https:\/\/nedclad.j-db.nl\/de\/nachrichten\/nedclad-im-niederlaendischen-fernsehen\/#breadcrumb","itemListElement":[{"@type":"ListItem","position":1,"name":"Home","item":"https:\/\/www.nedclad.nl\/de\/"},{"@type":"ListItem","position":2,"name":"Nachrichten","item":"https:\/\/nedclad.j-db.nl\/de\/nachrichten\/"},{"@type":"ListItem","position":3,"name":"NedClad im niederl\u00e4ndischen Fernsehen"}]},{"@type":"WebSite","@id":"https:\/\/www.nedclad.nl\/#website","url":"https:\/\/www.nedclad.nl\/","name":"NedClad Technology BV","description":"specialist in lasercladden","publisher":{"@id":"https:\/\/www.nedclad.nl\/#organization"},"potentialAction":[{"@type":"SearchAction","target":{"@type":"EntryPoint","urlTemplate":"https:\/\/www.nedclad.nl\/?s={search_term_string}"},"query-input":{"@type":"PropertyValueSpecification","valueRequired":true,"valueName":"search_term_string"}}],"inLanguage":"de"},{"@type":"Organization","@id":"https:\/\/www.nedclad.nl\/#organization","name":"NedClad Technology BV","url":"https:\/\/www.nedclad.nl\/","logo":{"@type":"ImageObject","inLanguage":"de","@id":"https:\/\/www.nedclad.nl\/#\/schema\/logo\/image\/","url":"https:\/\/www.nedclad.nl\/wp-content\/uploads\/nedclad-logo.png","contentUrl":"https:\/\/www.nedclad.nl\/wp-content\/uploads\/nedclad-logo.png","width":500,"height":150,"caption":"NedClad Technology BV"},"image":{"@id":"https:\/\/www.nedclad.nl\/#\/schema\/logo\/image\/"},"sameAs":["https:\/\/www.linkedin.com\/company\/nedclad-technology-bv\/"]},{"@type":"Person","@id":"https:\/\/www.nedclad.nl\/#\/schema\/person\/f34fa7e4c3161e026d4efd840e12792c","name":"NedClad","sameAs":["https:\/\/www.5A2.nl"]}]}},"_links":{"self":[{"href":"https:\/\/nedclad.j-db.nl\/de\/wp-json\/wp\/v2\/posts\/977","targetHints":{"allow":["GET"]}}],"collection":[{"href":"https:\/\/nedclad.j-db.nl\/de\/wp-json\/wp\/v2\/posts"}],"about":[{"href":"https:\/\/nedclad.j-db.nl\/de\/wp-json\/wp\/v2\/types\/post"}],"author":[{"embeddable":true,"href":"https:\/\/nedclad.j-db.nl\/de\/wp-json\/wp\/v2\/users\/2"}],"replies":[{"embeddable":true,"href":"https:\/\/nedclad.j-db.nl\/de\/wp-json\/wp\/v2\/comments?post=977"}],"version-history":[{"count":0,"href":"https:\/\/nedclad.j-db.nl\/de\/wp-json\/wp\/v2\/posts\/977\/revisions"}],"wp:attachment":[{"href":"https:\/\/nedclad.j-db.nl\/de\/wp-json\/wp\/v2\/media?parent=977"}],"wp:term":[{"taxonomy":"category","embeddable":true,"href":"https:\/\/nedclad.j-db.nl\/de\/wp-json\/wp\/v2\/categories?post=977"},{"taxonomy":"post_tag","embeddable":true,"href":"https:\/\/nedclad.j-db.nl\/de\/wp-json\/wp\/v2\/tags?post=977"}],"curies":[{"name":"wp","href":"https:\/\/api.w.org\/{rel}","templated":true}]}}